{"id":1682,"date":"2024-04-16T10:39:29","date_gmt":"2024-04-16T08:39:29","guid":{"rendered":"https:\/\/ec4rural.webs.uvigo.gal\/?p=1682"},"modified":"2024-04-16T10:46:08","modified_gmt":"2024-04-16T08:46:08","slug":"ec4rural-participa-na-ii-feira-de-sostibilidade-do-ies-luis-seoane-de-pontevedra","status":"publish","type":"post","link":"https:\/\/ec4rural.webs.uvigo.gal\/gl\/2024\/04\/16\/ec4rural-participa-na-ii-feira-de-sostibilidade-do-ies-luis-seoane-de-pontevedra\/","title":{"rendered":"EC4RURAL participa na II Feira de Sostibilidade do IES Luis Seoane de Pontevedra"},"content":{"rendered":"<p>Este venres, 19 de abril, EC4RURAL estar\u00e1 presente na II Feira de Sostibilidade do IES Luis Seoane de Pontevedra convidados por Eco-\u00c9tika, un grupo de traballo de persoas vinculadas \u00e1 comunidade educativa que promove a reflexi\u00f3n cr\u00edtica sobre o modelo actual de consumo co fin de centrarse nos efectos sociais e medioambientais. A asistencia a este evento forma parte das acci\u00f3n de divulgaci\u00f3n e sensibilizaci\u00f3n para dar a co\u00f1ecer o noso proxecto.<\/p>\n<p>En concreto, o equipo t\u00e9cnico de EC4RURAL participar\u00e1 no taller denominado &#8220;Enerx\u00eda en Acci\u00f3n&#8221;, dirixido ao alumnado do centro e que ten como obxectivo inspirar un pensamento cr\u00edtico sobre o sistema enerx\u00e9tico actual e fomentar soluci\u00f3ns sostibles e participativas.<\/p>\n<p>O obradoiro centrarase en abordar diversas cuesti\u00f3ns clave. Despois de facer unha radiograf\u00eda do ecosistema enerx\u00e9tico e das alternativas \u201cnon convencionais\u201d que est\u00e1n ao alcance da cidadan\u00eda, a rapazada reflexionar\u00e1 sobre o concepto de cidadan\u00eda enerx\u00e9tica e o papel fundamental que desempe\u00f1an as comunidades enerx\u00e9ticas rurais na transici\u00f3n cara a un modelo m\u00e1is sostible. O equipo t\u00e9cnico de EC4RURAL participar\u00e1 activamente nesta din\u00e1mica para colaborar na reflexi\u00f3n e presentar o traballo que se v\u00e9n facendo en Galicia desde setembro pasado, as\u00ed como as acci\u00f3ns que se desenvolver\u00e1n en pr\u00f3ximos meses para a implantaci\u00f3n de 22 comunidades enerx\u00e9ticas rurais noutros tantos concellos galegos como son Mazaricos, Moeche, Ordes, Outes, Tordoia, Vedra, Vilasantar (A Coru\u00f1a); Avi\u00f3n, Entrimo, Mu\u00ed\u00f1os (Ourense), Becerre\u00e1, Monterroso, Muras, Ourol, Palas de Rei, A Pobra do Broll\u00f3n, Sober, O Valadouro (Lugo); O Rosal, Salvaterra de Mi\u00f1o, Silleda e Tomi\u00f1o (Pontevedra).<\/p>\n<p><img decoding=\"async\" class=\"alignnone wp-image-1672 size-medium\" src=\"https:\/\/ec4rural.webs.uvigo.gal\/wp-content\/uploads\/2024\/04\/RGB-EC4RURAL-triptico-english_page-0002-1-300x212.jpg\" alt=\"\" width=\"300\" height=\"212\" \/><\/p>\n<p>O obxectivo principal de \u201cEnerx\u00eda en Acci\u00f3n\u201d \u00e9\u00a0empoderar ao alumnado para que se converta en axente\u00a0de cambio no \u00e1mbito enerx\u00e9tico, resaltando a importancia de educar e de capacitar \u00e1s xeraci\u00f3ns futuras para que comprendan os desaf\u00edos enerx\u00e9ticos aos que nos enfrontamos e se comprometan activamente na procura de soluci\u00f3ns innovadoras e sostibles.<\/p>\n<p>A II Feira de Sostibilidade do IES Luis Seoane de Pontevedra est\u00e1 promovida por un grupo de alumnado e profesorado que traballan para crear conciencia na sociedade, especialmente entre a comunidade educativa, sobre o consumo responsable, o coidado do medio ambiente e os Obxectivos de Desenvolvemento Sostible relacionados coa Axenda 2030.<\/p>\n","protected":false},"excerpt":{"rendered":"<p>Este venres, 19 de abril, EC4RURAL estar\u00e1 presente na II [&hellip;]<\/p>\n","protected":false},"author":2,"featured_media":1671,"comment_status":"open","ping_status":"open","sticky":false,"template":"","format":"standard","meta":{"footnotes":""},"categories":[27],"tags":[],"yoast_head":"<!-- This site is optimized with the Yoast SEO plugin v23.8 - https:\/\/yoast.com\/wordpress\/plugins\/seo\/ -->\n<title>EC4RURAL participa na II Feira de Sostibilidade do IES Luis Seoane de Pontevedra - EC4RURAL<\/title>\n<meta name=\"robots\" content=\"index, follow, max-snippet:-1, max-image-preview:large, max-video-preview:-1\" \/>\n<link rel=\"canonical\" href=\"https:\/\/ec4rural.webs.uvigo.gal\/gl\/2024\/04\/16\/ec4rural-participa-na-ii-feira-de-sostibilidade-do-ies-luis-seoane-de-pontevedra\/\" \/>\n<meta property=\"og:locale\" content=\"gl_ES\" \/>\n<meta property=\"og:type\" content=\"article\" \/>\n<meta property=\"og:title\" content=\"EC4RURAL participa na II Feira de Sostibilidade do IES Luis Seoane de Pontevedra - EC4RURAL\" \/>\n<meta property=\"og:description\" content=\"Este venres, 19 de abril, EC4RURAL estar\u00e1 presente na II [&hellip;]\" \/>\n<meta property=\"og:url\" content=\"https:\/\/ec4rural.webs.uvigo.gal\/gl\/2024\/04\/16\/ec4rural-participa-na-ii-feira-de-sostibilidade-do-ies-luis-seoane-de-pontevedra\/\" \/>\n<meta property=\"og:site_name\" content=\"EC4RURAL\" \/>\n<meta property=\"article:published_time\" content=\"2024-04-16T08:39:29+00:00\" \/>\n<meta property=\"article:modified_time\" content=\"2024-04-16T08:46:08+00:00\" \/>\n<meta property=\"og:image\" content=\"https:\/\/ec4rural.webs.uvigo.gal\/wp-content\/uploads\/2024\/04\/RGB-EC4RURAL-triptico-english_page-0001-1-e1713256366927.jpg\" \/>\n\t<meta property=\"og:image:width\" content=\"1754\" \/>\n\t<meta property=\"og:image:height\" content=\"1241\" \/>\n\t<meta property=\"og:image:type\" content=\"image\/jpeg\" \/>\n<meta name=\"author\" content=\"EC4RURAL\" \/>\n<meta name=\"twitter:card\" content=\"summary_large_image\" \/>\n<meta name=\"twitter:label1\" content=\"Escrito por\" \/>\n\t<meta name=\"twitter:data1\" content=\"EC4RURAL\" \/>\n\t<meta name=\"twitter:label2\" content=\"Tempo de lectura\" \/>\n\t<meta name=\"twitter:data2\" content=\"2 minutos\" \/>\n<script type=\"application\/ld+json\" class=\"yoast-schema-graph\">{\"@context\":\"https:\/\/schema.org\",\"@graph\":[{\"@type\":\"WebPage\",\"@id\":\"https:\/\/ec4rural.webs.uvigo.gal\/gl\/2024\/04\/16\/ec4rural-participa-na-ii-feira-de-sostibilidade-do-ies-luis-seoane-de-pontevedra\/\",\"url\":\"https:\/\/ec4rural.webs.uvigo.gal\/gl\/2024\/04\/16\/ec4rural-participa-na-ii-feira-de-sostibilidade-do-ies-luis-seoane-de-pontevedra\/\",\"name\":\"EC4RURAL participa na II Feira de Sostibilidade do IES Luis Seoane de Pontevedra - EC4RURAL\",\"isPartOf\":{\"@id\":\"https:\/\/ec4rural.webs.uvigo.gal\/gl\/#website\"},\"primaryImageOfPage\":{\"@id\":\"https:\/\/ec4rural.webs.uvigo.gal\/gl\/2024\/04\/16\/ec4rural-participa-na-ii-feira-de-sostibilidade-do-ies-luis-seoane-de-pontevedra\/#primaryimage\"},\"image\":{\"@id\":\"https:\/\/ec4rural.webs.uvigo.gal\/gl\/2024\/04\/16\/ec4rural-participa-na-ii-feira-de-sostibilidade-do-ies-luis-seoane-de-pontevedra\/#primaryimage\"},\"thumbnailUrl\":\"https:\/\/ec4rural.webs.uvigo.gal\/wp-content\/uploads\/2024\/04\/RGB-EC4RURAL-triptico-english_page-0001-1-e1713256366927.jpg\",\"datePublished\":\"2024-04-16T08:39:29+00:00\",\"dateModified\":\"2024-04-16T08:46:08+00:00\",\"author\":{\"@id\":\"https:\/\/ec4rural.webs.uvigo.gal\/gl\/#\/schema\/person\/50cff1ab196eee7b4f1870cdb9692ccd\"},\"breadcrumb\":{\"@id\":\"https:\/\/ec4rural.webs.uvigo.gal\/gl\/2024\/04\/16\/ec4rural-participa-na-ii-feira-de-sostibilidade-do-ies-luis-seoane-de-pontevedra\/#breadcrumb\"},\"inLanguage\":\"gl-ES\",\"potentialAction\":[{\"@type\":\"ReadAction\",\"target\":[\"https:\/\/ec4rural.webs.uvigo.gal\/gl\/2024\/04\/16\/ec4rural-participa-na-ii-feira-de-sostibilidade-do-ies-luis-seoane-de-pontevedra\/\"]}]},{\"@type\":\"ImageObject\",\"inLanguage\":\"gl-ES\",\"@id\":\"https:\/\/ec4rural.webs.uvigo.gal\/gl\/2024\/04\/16\/ec4rural-participa-na-ii-feira-de-sostibilidade-do-ies-luis-seoane-de-pontevedra\/#primaryimage\",\"url\":\"https:\/\/ec4rural.webs.uvigo.gal\/wp-content\/uploads\/2024\/04\/RGB-EC4RURAL-triptico-english_page-0001-1-e1713256366927.jpg\",\"contentUrl\":\"https:\/\/ec4rural.webs.uvigo.gal\/wp-content\/uploads\/2024\/04\/RGB-EC4RURAL-triptico-english_page-0001-1-e1713256366927.jpg\",\"width\":1754,\"height\":1241},{\"@type\":\"BreadcrumbList\",\"@id\":\"https:\/\/ec4rural.webs.uvigo.gal\/gl\/2024\/04\/16\/ec4rural-participa-na-ii-feira-de-sostibilidade-do-ies-luis-seoane-de-pontevedra\/#breadcrumb\",\"itemListElement\":[{\"@type\":\"ListItem\",\"position\":1,\"name\":\"Portada\",\"item\":\"https:\/\/ec4rural.webs.uvigo.gal\/gl\/\"},{\"@type\":\"ListItem\",\"position\":2,\"name\":\"EC4RURAL participa na II Feira de Sostibilidade do IES Luis Seoane de Pontevedra\"}]},{\"@type\":\"WebSite\",\"@id\":\"https:\/\/ec4rural.webs.uvigo.gal\/gl\/#website\",\"url\":\"https:\/\/ec4rural.webs.uvigo.gal\/gl\/\",\"name\":\"EC4RURAL\",\"description\":\"\",\"potentialAction\":[{\"@type\":\"SearchAction\",\"target\":{\"@type\":\"EntryPoint\",\"urlTemplate\":\"https:\/\/ec4rural.webs.uvigo.gal\/gl\/?s={search_term_string}\"},\"query-input\":{\"@type\":\"PropertyValueSpecification\",\"valueRequired\":true,\"valueName\":\"search_term_string\"}}],\"inLanguage\":\"gl-ES\"},{\"@type\":\"Person\",\"@id\":\"https:\/\/ec4rural.webs.uvigo.gal\/gl\/#\/schema\/person\/50cff1ab196eee7b4f1870cdb9692ccd\",\"name\":\"EC4RURAL\",\"image\":{\"@type\":\"ImageObject\",\"inLanguage\":\"gl-ES\",\"@id\":\"https:\/\/ec4rural.webs.uvigo.gal\/gl\/#\/schema\/person\/image\/\",\"url\":\"https:\/\/secure.gravatar.com\/avatar\/1d23dd00f616a63b088b160d18c82a4c?s=96&d=mm&r=g\",\"contentUrl\":\"https:\/\/secure.gravatar.com\/avatar\/1d23dd00f616a63b088b160d18c82a4c?s=96&d=mm&r=g\",\"caption\":\"EC4RURAL\"},\"url\":\"https:\/\/ec4rural.webs.uvigo.gal\/gl\/author\/ec4rural\/\"}]}<\/script>\n<!-- \/ Yoast SEO plugin. -->","yoast_head_json":{"title":"EC4RURAL participa na II Feira de Sostibilidade do IES Luis Seoane de Pontevedra - EC4RURAL","robots":{"index":"index","follow":"follow","max-snippet":"max-snippet:-1","max-image-preview":"max-image-preview:large","max-video-preview":"max-video-preview:-1"},"canonical":"https:\/\/ec4rural.webs.uvigo.gal\/gl\/2024\/04\/16\/ec4rural-participa-na-ii-feira-de-sostibilidade-do-ies-luis-seoane-de-pontevedra\/","og_locale":"gl_ES","og_type":"article","og_title":"EC4RURAL participa na II Feira de Sostibilidade do IES Luis Seoane de Pontevedra - EC4RURAL","og_description":"Este venres, 19 de abril, EC4RURAL estar\u00e1 presente na II [&hellip;]","og_url":"https:\/\/ec4rural.webs.uvigo.gal\/gl\/2024\/04\/16\/ec4rural-participa-na-ii-feira-de-sostibilidade-do-ies-luis-seoane-de-pontevedra\/","og_site_name":"EC4RURAL","article_published_time":"2024-04-16T08:39:29+00:00","article_modified_time":"2024-04-16T08:46:08+00:00","og_image":[{"width":1754,"height":1241,"url":"https:\/\/ec4rural.webs.uvigo.gal\/wp-content\/uploads\/2024\/04\/RGB-EC4RURAL-triptico-english_page-0001-1-e1713256366927.jpg","type":"image\/jpeg"}],"author":"EC4RURAL","twitter_card":"summary_large_image","twitter_misc":{"Escrito por":"EC4RURAL","Tempo de lectura":"2 minutos"},"schema":{"@context":"https:\/\/schema.org","@graph":[{"@type":"WebPage","@id":"https:\/\/ec4rural.webs.uvigo.gal\/gl\/2024\/04\/16\/ec4rural-participa-na-ii-feira-de-sostibilidade-do-ies-luis-seoane-de-pontevedra\/","url":"https:\/\/ec4rural.webs.uvigo.gal\/gl\/2024\/04\/16\/ec4rural-participa-na-ii-feira-de-sostibilidade-do-ies-luis-seoane-de-pontevedra\/","name":"EC4RURAL participa na II Feira de Sostibilidade do IES Luis Seoane de Pontevedra - EC4RURAL","isPartOf":{"@id":"https:\/\/ec4rural.webs.uvigo.gal\/gl\/#website"},"primaryImageOfPage":{"@id":"https:\/\/ec4rural.webs.uvigo.gal\/gl\/2024\/04\/16\/ec4rural-participa-na-ii-feira-de-sostibilidade-do-ies-luis-seoane-de-pontevedra\/#primaryimage"},"image":{"@id":"https:\/\/ec4rural.webs.uvigo.gal\/gl\/2024\/04\/16\/ec4rural-participa-na-ii-feira-de-sostibilidade-do-ies-luis-seoane-de-pontevedra\/#primaryimage"},"thumbnailUrl":"https:\/\/ec4rural.webs.uvigo.gal\/wp-content\/uploads\/2024\/04\/RGB-EC4RURAL-triptico-english_page-0001-1-e1713256366927.jpg","datePublished":"2024-04-16T08:39:29+00:00","dateModified":"2024-04-16T08:46:08+00:00","author":{"@id":"https:\/\/ec4rural.webs.uvigo.gal\/gl\/#\/schema\/person\/50cff1ab196eee7b4f1870cdb9692ccd"},"breadcrumb":{"@id":"https:\/\/ec4rural.webs.uvigo.gal\/gl\/2024\/04\/16\/ec4rural-participa-na-ii-feira-de-sostibilidade-do-ies-luis-seoane-de-pontevedra\/#breadcrumb"},"inLanguage":"gl-ES","potentialAction":[{"@type":"ReadAction","target":["https:\/\/ec4rural.webs.uvigo.gal\/gl\/2024\/04\/16\/ec4rural-participa-na-ii-feira-de-sostibilidade-do-ies-luis-seoane-de-pontevedra\/"]}]},{"@type":"ImageObject","inLanguage":"gl-ES","@id":"https:\/\/ec4rural.webs.uvigo.gal\/gl\/2024\/04\/16\/ec4rural-participa-na-ii-feira-de-sostibilidade-do-ies-luis-seoane-de-pontevedra\/#primaryimage","url":"https:\/\/ec4rural.webs.uvigo.gal\/wp-content\/uploads\/2024\/04\/RGB-EC4RURAL-triptico-english_page-0001-1-e1713256366927.jpg","contentUrl":"https:\/\/ec4rural.webs.uvigo.gal\/wp-content\/uploads\/2024\/04\/RGB-EC4RURAL-triptico-english_page-0001-1-e1713256366927.jpg","width":1754,"height":1241},{"@type":"BreadcrumbList","@id":"https:\/\/ec4rural.webs.uvigo.gal\/gl\/2024\/04\/16\/ec4rural-participa-na-ii-feira-de-sostibilidade-do-ies-luis-seoane-de-pontevedra\/#breadcrumb","itemListElement":[{"@type":"ListItem","position":1,"name":"Portada","item":"https:\/\/ec4rural.webs.uvigo.gal\/gl\/"},{"@type":"ListItem","position":2,"name":"EC4RURAL participa na II Feira de Sostibilidade do IES Luis Seoane de Pontevedra"}]},{"@type":"WebSite","@id":"https:\/\/ec4rural.webs.uvigo.gal\/gl\/#website","url":"https:\/\/ec4rural.webs.uvigo.gal\/gl\/","name":"EC4RURAL","description":"","potentialAction":[{"@type":"SearchAction","target":{"@type":"EntryPoint","urlTemplate":"https:\/\/ec4rural.webs.uvigo.gal\/gl\/?s={search_term_string}"},"query-input":{"@type":"PropertyValueSpecification","valueRequired":true,"valueName":"search_term_string"}}],"inLanguage":"gl-ES"},{"@type":"Person","@id":"https:\/\/ec4rural.webs.uvigo.gal\/gl\/#\/schema\/person\/50cff1ab196eee7b4f1870cdb9692ccd","name":"EC4RURAL","image":{"@type":"ImageObject","inLanguage":"gl-ES","@id":"https:\/\/ec4rural.webs.uvigo.gal\/gl\/#\/schema\/person\/image\/","url":"https:\/\/secure.gravatar.com\/avatar\/1d23dd00f616a63b088b160d18c82a4c?s=96&d=mm&r=g","contentUrl":"https:\/\/secure.gravatar.com\/avatar\/1d23dd00f616a63b088b160d18c82a4c?s=96&d=mm&r=g","caption":"EC4RURAL"},"url":"https:\/\/ec4rural.webs.uvigo.gal\/gl\/author\/ec4rural\/"}]}},"_links":{"self":[{"href":"https:\/\/ec4rural.webs.uvigo.gal\/gl\/wp-json\/wp\/v2\/posts\/1682"}],"collection":[{"href":"https:\/\/ec4rural.webs.uvigo.gal\/gl\/wp-json\/wp\/v2\/posts"}],"about":[{"href":"https:\/\/ec4rural.webs.uvigo.gal\/gl\/wp-json\/wp\/v2\/types\/post"}],"author":[{"embeddable":true,"href":"https:\/\/ec4rural.webs.uvigo.gal\/gl\/wp-json\/wp\/v2\/users\/2"}],"replies":[{"embeddable":true,"href":"https:\/\/ec4rural.webs.uvigo.gal\/gl\/wp-json\/wp\/v2\/comments?post=1682"}],"version-history":[{"count":3,"href":"https:\/\/ec4rural.webs.uvigo.gal\/gl\/wp-json\/wp\/v2\/posts\/1682\/revisions"}],"predecessor-version":[{"id":1685,"href":"https:\/\/ec4rural.webs.uvigo.gal\/gl\/wp-json\/wp\/v2\/posts\/1682\/revisions\/1685"}],"wp:featuredmedia":[{"embeddable":true,"href":"https:\/\/ec4rural.webs.uvigo.gal\/gl\/wp-json\/wp\/v2\/media\/1671"}],"wp:attachment":[{"href":"https:\/\/ec4rural.webs.uvigo.gal\/gl\/wp-json\/wp\/v2\/media?parent=1682"}],"wp:term":[{"taxonomy":"category","embeddable":true,"href":"https:\/\/ec4rural.webs.uvigo.gal\/gl\/wp-json\/wp\/v2\/categories?post=1682"},{"taxonomy":"post_tag","embeddable":true,"href":"https:\/\/ec4rural.webs.uvigo.gal\/gl\/wp-json\/wp\/v2\/tags?post=1682"}],"curies":[{"name":"wp","href":"https:\/\/api.w.org\/{rel}","templated":true}]}}